{"id":131,"date":"2013-01-12T15:12:21","date_gmt":"2013-01-12T14:12:21","guid":{"rendered":"https:\/\/roxanecazorzi.com\/blog\/?p=131"},"modified":"2013-01-12T15:48:02","modified_gmt":"2013-01-12T14:48:02","slug":"resolution-2013","status":"publish","type":"post","link":"https:\/\/roxanecazorzi.com\/blog\/2013\/01\/resolution-2013\/","title":{"rendered":"R\u00e9solution 2013&#8230;"},"content":{"rendered":"<p><a href=\"https:\/\/i0.wp.com\/roxanecazorzi.com\/blog\/wp-content\/uploads\/2013\/01\/P1000982-003.jpg?ssl=1\" rel=\"lightbox-album\"><img data-recalc-dims=\"1\" loading=\"lazy\" decoding=\"async\" data-attachment-id=\"133\" data-permalink=\"https:\/\/roxanecazorzi.com\/blog\/2013\/01\/resolution-2013\/p1000982-003\/\" data-orig-file=\"https:\/\/i0.wp.com\/roxanecazorzi.com\/blog\/wp-content\/uploads\/2013\/01\/P1000982-003.jpg?fit=800%2C600&amp;ssl=1\" data-orig-size=\"800,600\" data-comments-opened=\"1\" data-image-meta=\"{&quot;aperture&quot;:&quot;5.1&quot;,&quot;credit&quot;:&quot;Picasa&quot;,&quot;camera&quot;:&quot;DMC-FS40&quot;,&quot;caption&quot;:&quot;&quot;,&quot;created_timestamp&quot;:&quot;1356093045&quot;,&quot;copyright&quot;:&quot;&quot;,&quot;focal_length&quot;:&quot;14.8&quot;,&quot;iso&quot;:&quot;800&quot;,&quot;shutter_speed&quot;:&quot;0.16666666666667&quot;,&quot;title&quot;:&quot;&quot;}\" data-image-title=\"Le cabaret fantastique s&amp;rsquo;amuse\" data-image-description=\"&lt;p&gt;Un moment du spectacle \u00ab\u00a0Le cabaret fantastique s&amp;rsquo;amuse\u00a0\u00bb&lt;\/p&gt;\n\" data-image-caption=\"\" data-large-file=\"https:\/\/i0.wp.com\/roxanecazorzi.com\/blog\/wp-content\/uploads\/2013\/01\/P1000982-003.jpg?fit=629%2C472&amp;ssl=1\" class=\"alignleft size-medium wp-image-133\" title=\"Le cabaret fantastique s'amuse\" alt=\"Le cabaret fantastique s'amuse\" src=\"https:\/\/i0.wp.com\/roxanecazorzi.com\/blog\/wp-content\/uploads\/2013\/01\/P1000982-003.jpg?resize=300%2C225&#038;ssl=1\" width=\"300\" height=\"225\" srcset=\"https:\/\/i0.wp.com\/roxanecazorzi.com\/blog\/wp-content\/uploads\/2013\/01\/P1000982-003.jpg?resize=300%2C225&amp;ssl=1 300w, https:\/\/i0.wp.com\/roxanecazorzi.com\/blog\/wp-content\/uploads\/2013\/01\/P1000982-003.jpg?w=800&amp;ssl=1 800w\" sizes=\"auto, (max-width: 300px) 100vw, 300px\" \/><\/a>Cette ann\u00e9e d\u00e9marre avec un gros plan sur la pr\u00e9paration d&rsquo;un nouveau spectacle: \u00ab\u00a0Fondu encha\u00een\u00e9\u00a0\u00bb.<\/p>\n<p>En duo avec Michel Verbeeck, cette cr\u00e9ation entrem\u00eale des extraits de films aux sc\u00e9narios de nos vies, dans un travelling sur nos souvenirs de fous de cin\u00e9ma. Mis en sc\u00e8ne par Christine Andrien, ce spectacle explore flash-backs sur l&rsquo;enfance, enthousiasmes, peurs, coups durs et \u00e9motions, sur fond de cin\u00e9ma omnipr\u00e9sent.Travailler dans un tel compagnonnage, c&rsquo;est un peu un r\u00eave qui se r\u00e9alise&#8230;\u00a0La date de la premi\u00e8re, le 15 mars au D\u00e9 \u00e0 Coudre, approche \u00a0\u00e0 grands pas et avec elle une certaine impatience m\u00eal\u00e9e de f\u00e9brilit\u00e9 ne manque pas de s&rsquo;installer au sein des r\u00e9p\u00e9titions.<\/p>\n<p>Le \u00ab\u00a0Cabaret Fantastique sort les griffes\u00a0\u00bb est pr\u00eat et sa premi\u00e8re pr\u00e9sentation publique sera accompagn\u00e9e d&rsquo;une exposition de portraits f\u00e9lins r\u00e9alis\u00e9s par une artiste, peintre animali\u00e8re. Que r\u00eaver de mieux pour un Cabaret qui c\u00e9l\u00e8bre le chat dans tous ses \u00e9tats?<\/p>\n<p>Enfin, le \u00ab\u00a0Cabaret Fantastique s&rsquo;amuse\u00a0\u00bb continue sa route et sera pr\u00e9sent\u00e9 prochainement au Phare et \u00e0 la Maison du Conte. Ludwine Deblon et moi avons toujours autant de plaisir \u00e0 pr\u00e9senter ces histoires et leurs interm\u00e8des d\u00e9cal\u00e9s.<\/p>\n<p>Bref beaucoup de projets, de r\u00eaves se d\u00e9voilent en 2013&#8230;<\/p>\n","protected":false},"excerpt":{"rendered":"<p>Cette ann\u00e9e d\u00e9marre avec un gros plan sur la pr\u00e9paration d&rsquo;un nouveau spectacle: \u00ab\u00a0Fondu encha\u00een\u00e9\u00a0\u00bb. En duo avec Michel Verbeeck, cette cr\u00e9ation entrem\u00eale des extraits de films aux sc\u00e9narios de nos vies, dans un travelling sur nos souvenirs de fous de cin\u00e9ma. Mis en sc\u00e8ne par Christine Andrien, ce spectacle explore flash-backs sur l&rsquo;enfance, enthousiasmes, [&hellip;]<\/p>\n","protected":false},"author":2,"featured_media":0,"comment_status":"open","ping_status":"closed","sticky":false,"template":"","format":"standard","meta":{"jetpack_post_was_ever_published":false,"_jetpack_newsletter_access":"","_jetpack_dont_email_post_to_subs":false,"_jetpack_newsletter_tier_id":0,"_jetpack_memberships_contains_paywalled_content":false,"_jetpack_memberships_contains_paid_content":false,"footnotes":"","jetpack_publicize_message":"","jetpack_publicize_feature_enabled":true,"jetpack_social_post_already_shared":false,"jetpack_social_options":{"image_generator_settings":{"template":"highway","default_image_id":0,"font":"","enabled":false},"version":2}},"categories":[7,3],"tags":[],"class_list":["post-131","post","type-post","status-publish","format-standard","hentry","category-projets","category-spectacles"],"jetpack_publicize_connections":[],"jetpack_featured_media_url":"","jetpack_sharing_enabled":true,"jetpack_shortlink":"https:\/\/wp.me\/p753c4-27","jetpack-related-posts":[],"_links":{"self":[{"href":"https:\/\/roxanecazorzi.com\/blog\/wp-json\/wp\/v2\/posts\/131","targetHints":{"allow":["GET"]}}],"collection":[{"href":"https:\/\/roxanecazorzi.com\/blog\/wp-json\/wp\/v2\/posts"}],"about":[{"href":"https:\/\/roxanecazorzi.com\/blog\/wp-json\/wp\/v2\/types\/post"}],"author":[{"embeddable":true,"href":"https:\/\/roxanecazorzi.com\/blog\/wp-json\/wp\/v2\/users\/2"}],"replies":[{"embeddable":true,"href":"https:\/\/roxanecazorzi.com\/blog\/wp-json\/wp\/v2\/comments?post=131"}],"version-history":[{"count":0,"href":"https:\/\/roxanecazorzi.com\/blog\/wp-json\/wp\/v2\/posts\/131\/revisions"}],"wp:attachment":[{"href":"https:\/\/roxanecazorzi.com\/blog\/wp-json\/wp\/v2\/media?parent=131"}],"wp:term":[{"taxonomy":"category","embeddable":true,"href":"https:\/\/roxanecazorzi.com\/blog\/wp-json\/wp\/v2\/categories?post=131"},{"taxonomy":"post_tag","embeddable":true,"href":"https:\/\/roxanecazorzi.com\/blog\/wp-json\/wp\/v2\/tags?post=131"}],"curies":[{"name":"wp","href":"https:\/\/api.w.org\/{rel}","templated":true}]}}